{"id":22842,"date":"2025-06-12T09:58:18","date_gmt":"2025-06-12T07:58:18","guid":{"rendered":"https:\/\/uel.lu\/article\/entretien-du-president-de-luel-avec-paperjam-next\/"},"modified":"2025-07-15T12:22:39","modified_gmt":"2025-07-15T10:22:39","slug":"entretien-du-president-de-luel-avec-paperjam-next","status":"publish","type":"article","link":"https:\/\/uel.lu\/en\/article\/entretien-du-president-de-luel-avec-paperjam-next\/","title":{"rendered":"ENTRETIEN DU PR\u00c9SIDENT DE L&#8217;UEL AVEC PAPERJAM"},"content":{"rendered":"[vc_row type=&#8221;in_container&#8221; full_screen_row_position=&#8221;middle&#8221; column_margin=&#8221;default&#8221; column_direction=&#8221;default&#8221; column_direction_tablet=&#8221;default&#8221; column_direction_phone=&#8221;default&#8221; scene_position=&#8221;center&#8221; text_color=&#8221;dark&#8221; text_align=&#8221;left&#8221; row_border_radius=&#8221;none&#8221; row_border_radius_applies=&#8221;bg&#8221; overflow=&#8221;visible&#8221; overlay_strength=&#8221;0.3&#8243; gradient_direction=&#8221;left_to_right&#8221; shape_divider_position=&#8221;bottom&#8221; bg_image_animation=&#8221;none&#8221;][vc_column column_padding=&#8221;no-extra-padding&#8221; column_padding_tablet=&#8221;inherit&#8221; column_padding_phone=&#8221;inherit&#8221; column_padding_position=&#8221;all&#8221; column_element_direction_desktop=&#8221;default&#8221; column_element_spacing=&#8221;default&#8221; desktop_text_alignment=&#8221;default&#8221; tablet_text_alignment=&#8221;default&#8221; phone_text_alignment=&#8221;default&#8221; background_color_opacity=&#8221;1&#8243; background_hover_color_opacity=&#8221;1&#8243; column_backdrop_filter=&#8221;none&#8221; column_shadow=&#8221;none&#8221; column_border_radius=&#8221;none&#8221; column_link_target=&#8221;_self&#8221; column_position=&#8221;default&#8221; gradient_direction=&#8221;left_to_right&#8221; overlay_strength=&#8221;0.3&#8243; width=&#8221;2\/3&#8243; tablet_width_inherit=&#8221;default&#8221; animation_type=&#8221;default&#8221; bg_image_animation=&#8221;none&#8221; border_type=&#8221;simple&#8221; column_border_width=&#8221;none&#8221; column_border_style=&#8221;solid&#8221;][vc_column_text css=&#8221;&#8221; text_direction=&#8221;default&#8221;]\n<h5>Michel Reckinger alerte sur la situation \u00e9conomique du pays, la n\u00e9cessit\u00e9 de vraies r\u00e9formes structurelles et celle de pouvoir dialoguer sur les sujets fondamentaux.<br \/>\nLe vrai danger n&#8217;est pas social mais \u00e9conomique. Et il s&#8217;agit de pr\u00e9server le mod\u00e8le luxembourgeois.<\/h5>\n<h5>Retrouvez son interview compl\u00e8te.<\/h5>\n[\/vc_column_text][nectar_btn size=&#8221;jumbo&#8221; open_new_tab=&#8221;true&#8221; button_style=&#8221;regular&#8221; button_color_2=&#8221;Accent-Color&#8221; icon_family=&#8221;linecons&#8221; text=&#8221;D\u00e9couvrir l&#8217;interview compl\u00e8te&#8221; url=&#8221;https:\/\/paperjam.lu\/article\/michel-reckinger-on-ne-peut-pas-continuer-a-faire-lautruche&#8221; icon_linecons=&#8221;vc_li vc_li-news&#8221;][\/vc_column][vc_column column_padding=&#8221;no-extra-padding&#8221; column_padding_tablet=&#8221;inherit&#8221; column_padding_phone=&#8221;inherit&#8221; column_padding_position=&#8221;all&#8221; column_element_direction_desktop=&#8221;default&#8221; column_element_spacing=&#8221;default&#8221; desktop_text_alignment=&#8221;default&#8221; tablet_text_alignment=&#8221;default&#8221; phone_text_alignment=&#8221;default&#8221; background_color_opacity=&#8221;1&#8243; background_hover_color_opacity=&#8221;1&#8243; column_backdrop_filter=&#8221;none&#8221; column_shadow=&#8221;none&#8221; column_border_radius=&#8221;none&#8221; column_link_target=&#8221;_self&#8221; column_position=&#8221;default&#8221; gradient_direction=&#8221;left_to_right&#8221; overlay_strength=&#8221;0.3&#8243; width=&#8221;1\/3&#8243; tablet_width_inherit=&#8221;default&#8221; animation_type=&#8221;default&#8221; bg_image_animation=&#8221;none&#8221; border_type=&#8221;simple&#8221; column_border_width=&#8221;none&#8221; column_border_style=&#8221;solid&#8221;][image_with_animation image_url=&#8221;19347&#8243; image_size=&#8221;full&#8221; animation_type=&#8221;entrance&#8221; animation=&#8221;None&#8221; animation_movement_type=&#8221;transform_y&#8221; hover_animation=&#8221;none&#8221; alignment=&#8221;&#8221; border_radius=&#8221;none&#8221; box_shadow=&#8221;none&#8221; image_loading=&#8221;default&#8221; max_width=&#8221;75%&#8221; max_width_mobile=&#8221;default&#8221;][\/vc_column][\/vc_row]\n","protected":false},"featured_media":19348,"template":"","meta":{"_acf_changed":false,"inline_featured_image":false,"footnotes":""},"categories":[101],"slidercat":[],"class_list":{"0":"post-22842","1":"article","2":"type-article","3":"status-publish","4":"has-post-thumbnail","6":"category-press"},"acf":[],"yoast_head":"<!-- This site is optimized with the Yoast SEO plugin v26.8 - https:\/\/yoast.com\/product\/yoast-seo-wordpress\/ -->\n<title>ENTRETIEN DU PR\u00c9SIDENT DE L&#039;UEL AVEC PAPERJAM - UEL<\/title>\n<meta name=\"robots\" content=\"index, follow, max-snippet:-1, max-image-preview:large, max-video-preview:-1\" \/>\n<link rel=\"canonical\" href=\"https:\/\/uel.lu\/en\/article\/entretien-du-president-de-luel-avec-paperjam-next\/\" \/>\n<meta property=\"og:locale\" content=\"en_US\" \/>\n<meta property=\"og:type\" content=\"article\" \/>\n<meta property=\"og:title\" content=\"ENTRETIEN DU PR\u00c9SIDENT DE L&#039;UEL AVEC PAPERJAM - UEL\" \/>\n<meta property=\"og:description\" content=\"[vc_row type=&#8221;in_container&#8221; full_screen_row_position=&#8221;middle&#8221; column_margin=&#8221;default&#8221; column_direction=&#8221;default&#8221; column_direction_tablet=&#8221;default&#8221; column_direction_phone=&#8221;default&#8221; scene_position=&#8221;center&#8221; text_color=&#8221;dark&#8221; text_align=&#8221;left&#8221; row_border_radius=&#8221;none&#8221; row_border_radius_applies=&#8221;bg&#8221; overflow=&#8221;visible&#8221; overlay_strength=&#8221;0.3&#8243; gradient_direction=&#8221;left_to_right&#8221; shape_divider_position=&#8221;bottom&#8221; bg_image_animation=&#8221;none&#8221;][vc_column column_padding=&#8221;no-extra-padding&#8221; column_padding_tablet=&#8221;inherit&#8221; column_padding_phone=&#8221;inherit&#8221; column_padding_position=&#8221;all&#8221; column_element_direction_desktop=&#8221;default&#8221; column_element_spacing=&#8221;default&#8221; desktop_text_alignment=&#8221;default&#8221; tablet_text_alignment=&#8221;default&#8221; phone_text_alignment=&#8221;default&#8221; background_color_opacity=&#8221;1&#8243; background_hover_color_opacity=&#8221;1&#8243; column_backdrop_filter=&#8221;none&#8221; column_shadow=&#8221;none&#8221;...\" \/>\n<meta property=\"og:url\" content=\"https:\/\/uel.lu\/en\/article\/entretien-du-president-de-luel-avec-paperjam-next\/\" \/>\n<meta property=\"og:site_name\" content=\"UEL\" \/>\n<meta property=\"article:modified_time\" content=\"2025-07-15T10:22:39+00:00\" \/>\n<meta property=\"og:image\" content=\"https:\/\/uel.lu\/wp-content\/uploads\/2024\/04\/michel-reckinger-official-pic.jpg\" \/>\n\t<meta property=\"og:image:width\" content=\"2600\" \/>\n\t<meta property=\"og:image:height\" content=\"1733\" \/>\n\t<meta property=\"og:image:type\" content=\"image\/jpeg\" \/>\n<meta name=\"twitter:card\" content=\"summary_large_image\" \/>\n<meta name=\"twitter:site\" content=\"@uel_lu\" \/>\n<meta name=\"twitter:label1\" content=\"Est. reading time\" \/>\n\t<meta name=\"twitter:data1\" content=\"1 minute\" \/>\n<script type=\"application\/ld+json\" class=\"yoast-schema-graph\">{\"@context\":\"https:\/\/schema.org\",\"@graph\":[{\"@type\":\"WebPage\",\"@id\":\"https:\/\/uel.lu\/en\/article\/entretien-du-president-de-luel-avec-paperjam-next\/\",\"url\":\"https:\/\/uel.lu\/en\/article\/entretien-du-president-de-luel-avec-paperjam-next\/\",\"name\":\"ENTRETIEN DU PR\u00c9SIDENT DE L'UEL AVEC PAPERJAM - UEL\",\"isPartOf\":{\"@id\":\"https:\/\/uel.lu\/en\/#website\"},\"primaryImageOfPage\":{\"@id\":\"https:\/\/uel.lu\/en\/article\/entretien-du-president-de-luel-avec-paperjam-next\/#primaryimage\"},\"image\":{\"@id\":\"https:\/\/uel.lu\/en\/article\/entretien-du-president-de-luel-avec-paperjam-next\/#primaryimage\"},\"thumbnailUrl\":\"https:\/\/uel.lu\/wp-content\/uploads\/2024\/04\/michel-reckinger-official-pic.jpg\",\"datePublished\":\"2025-06-12T07:58:18+00:00\",\"dateModified\":\"2025-07-15T10:22:39+00:00\",\"breadcrumb\":{\"@id\":\"https:\/\/uel.lu\/en\/article\/entretien-du-president-de-luel-avec-paperjam-next\/#breadcrumb\"},\"inLanguage\":\"en-US\",\"potentialAction\":[{\"@type\":\"ReadAction\",\"target\":[\"https:\/\/uel.lu\/en\/article\/entretien-du-president-de-luel-avec-paperjam-next\/\"]}]},{\"@type\":\"ImageObject\",\"inLanguage\":\"en-US\",\"@id\":\"https:\/\/uel.lu\/en\/article\/entretien-du-president-de-luel-avec-paperjam-next\/#primaryimage\",\"url\":\"https:\/\/uel.lu\/wp-content\/uploads\/2024\/04\/michel-reckinger-official-pic.jpg\",\"contentUrl\":\"https:\/\/uel.lu\/wp-content\/uploads\/2024\/04\/michel-reckinger-official-pic.jpg\",\"width\":2600,\"height\":1733},{\"@type\":\"BreadcrumbList\",\"@id\":\"https:\/\/uel.lu\/en\/article\/entretien-du-president-de-luel-avec-paperjam-next\/#breadcrumb\",\"itemListElement\":[{\"@type\":\"ListItem\",\"position\":1,\"name\":\"Startseite\",\"item\":\"https:\/\/uel.lu\/en\/\"},{\"@type\":\"ListItem\",\"position\":2,\"name\":\"ENTRETIEN DU PR\u00c9SIDENT DE L&rsquo;UEL AVEC PAPERJAM\"}]},{\"@type\":\"WebSite\",\"@id\":\"https:\/\/uel.lu\/en\/#website\",\"url\":\"https:\/\/uel.lu\/en\/\",\"name\":\"Union des Entreprises Luxembourgeoises\",\"description\":\"Union des Entreprises Luxembourgeoises\",\"publisher\":{\"@id\":\"https:\/\/uel.lu\/en\/#organization\"},\"alternateName\":\"UEL\",\"potentialAction\":[{\"@type\":\"SearchAction\",\"target\":{\"@type\":\"EntryPoint\",\"urlTemplate\":\"https:\/\/uel.lu\/en\/?s={search_term_string}\"},\"query-input\":{\"@type\":\"PropertyValueSpecification\",\"valueRequired\":true,\"valueName\":\"search_term_string\"}}],\"inLanguage\":\"en-US\"},{\"@type\":\"Organization\",\"@id\":\"https:\/\/uel.lu\/en\/#organization\",\"name\":\"Union des Entreprises Luxembourgeoises\",\"alternateName\":\"UEL\",\"url\":\"https:\/\/uel.lu\/en\/\",\"logo\":{\"@type\":\"ImageObject\",\"inLanguage\":\"en-US\",\"@id\":\"https:\/\/uel.lu\/en\/#\/schema\/logo\/image\/\",\"url\":\"https:\/\/www.uel.lu\/wp-content\/uploads\/2019\/07\/uel_logo_.png\",\"contentUrl\":\"https:\/\/www.uel.lu\/wp-content\/uploads\/2019\/07\/uel_logo_.png\",\"width\":150,\"height\":118,\"caption\":\"Union des Entreprises Luxembourgeoises\"},\"image\":{\"@id\":\"https:\/\/uel.lu\/en\/#\/schema\/logo\/image\/\"},\"sameAs\":[\"https:\/\/x.com\/uel_lu\",\"https:\/\/www.linkedin.com\/company\/union-des-entreprises-luxembourgeoises---uel\/\"]}]}<\/script>\n<!-- \/ Yoast SEO plugin. -->","yoast_head_json":{"title":"ENTRETIEN DU PR\u00c9SIDENT DE L'UEL AVEC PAPERJAM - UEL","robots":{"index":"index","follow":"follow","max-snippet":"max-snippet:-1","max-image-preview":"max-image-preview:large","max-video-preview":"max-video-preview:-1"},"canonical":"https:\/\/uel.lu\/en\/article\/entretien-du-president-de-luel-avec-paperjam-next\/","og_locale":"en_US","og_type":"article","og_title":"ENTRETIEN DU PR\u00c9SIDENT DE L'UEL AVEC PAPERJAM - UEL","og_description":"[vc_row type=&#8221;in_container&#8221; full_screen_row_position=&#8221;middle&#8221; column_margin=&#8221;default&#8221; column_direction=&#8221;default&#8221; column_direction_tablet=&#8221;default&#8221; column_direction_phone=&#8221;default&#8221; scene_position=&#8221;center&#8221; text_color=&#8221;dark&#8221; text_align=&#8221;left&#8221; row_border_radius=&#8221;none&#8221; row_border_radius_applies=&#8221;bg&#8221; overflow=&#8221;visible&#8221; overlay_strength=&#8221;0.3&#8243; gradient_direction=&#8221;left_to_right&#8221; shape_divider_position=&#8221;bottom&#8221; bg_image_animation=&#8221;none&#8221;][vc_column column_padding=&#8221;no-extra-padding&#8221; column_padding_tablet=&#8221;inherit&#8221; column_padding_phone=&#8221;inherit&#8221; column_padding_position=&#8221;all&#8221; column_element_direction_desktop=&#8221;default&#8221; column_element_spacing=&#8221;default&#8221; desktop_text_alignment=&#8221;default&#8221; tablet_text_alignment=&#8221;default&#8221; phone_text_alignment=&#8221;default&#8221; background_color_opacity=&#8221;1&#8243; background_hover_color_opacity=&#8221;1&#8243; column_backdrop_filter=&#8221;none&#8221; column_shadow=&#8221;none&#8221;...","og_url":"https:\/\/uel.lu\/en\/article\/entretien-du-president-de-luel-avec-paperjam-next\/","og_site_name":"UEL","article_modified_time":"2025-07-15T10:22:39+00:00","og_image":[{"width":2600,"height":1733,"url":"https:\/\/uel.lu\/wp-content\/uploads\/2024\/04\/michel-reckinger-official-pic.jpg","type":"image\/jpeg"}],"twitter_card":"summary_large_image","twitter_site":"@uel_lu","twitter_misc":{"Est. reading time":"1 minute"},"schema":{"@context":"https:\/\/schema.org","@graph":[{"@type":"WebPage","@id":"https:\/\/uel.lu\/en\/article\/entretien-du-president-de-luel-avec-paperjam-next\/","url":"https:\/\/uel.lu\/en\/article\/entretien-du-president-de-luel-avec-paperjam-next\/","name":"ENTRETIEN DU PR\u00c9SIDENT DE L'UEL AVEC PAPERJAM - UEL","isPartOf":{"@id":"https:\/\/uel.lu\/en\/#website"},"primaryImageOfPage":{"@id":"https:\/\/uel.lu\/en\/article\/entretien-du-president-de-luel-avec-paperjam-next\/#primaryimage"},"image":{"@id":"https:\/\/uel.lu\/en\/article\/entretien-du-president-de-luel-avec-paperjam-next\/#primaryimage"},"thumbnailUrl":"https:\/\/uel.lu\/wp-content\/uploads\/2024\/04\/michel-reckinger-official-pic.jpg","datePublished":"2025-06-12T07:58:18+00:00","dateModified":"2025-07-15T10:22:39+00:00","breadcrumb":{"@id":"https:\/\/uel.lu\/en\/article\/entretien-du-president-de-luel-avec-paperjam-next\/#breadcrumb"},"inLanguage":"en-US","potentialAction":[{"@type":"ReadAction","target":["https:\/\/uel.lu\/en\/article\/entretien-du-president-de-luel-avec-paperjam-next\/"]}]},{"@type":"ImageObject","inLanguage":"en-US","@id":"https:\/\/uel.lu\/en\/article\/entretien-du-president-de-luel-avec-paperjam-next\/#primaryimage","url":"https:\/\/uel.lu\/wp-content\/uploads\/2024\/04\/michel-reckinger-official-pic.jpg","contentUrl":"https:\/\/uel.lu\/wp-content\/uploads\/2024\/04\/michel-reckinger-official-pic.jpg","width":2600,"height":1733},{"@type":"BreadcrumbList","@id":"https:\/\/uel.lu\/en\/article\/entretien-du-president-de-luel-avec-paperjam-next\/#breadcrumb","itemListElement":[{"@type":"ListItem","position":1,"name":"Startseite","item":"https:\/\/uel.lu\/en\/"},{"@type":"ListItem","position":2,"name":"ENTRETIEN DU PR\u00c9SIDENT DE L&rsquo;UEL AVEC PAPERJAM"}]},{"@type":"WebSite","@id":"https:\/\/uel.lu\/en\/#website","url":"https:\/\/uel.lu\/en\/","name":"Union des Entreprises Luxembourgeoises","description":"Union des Entreprises Luxembourgeoises","publisher":{"@id":"https:\/\/uel.lu\/en\/#organization"},"alternateName":"UEL","potentialAction":[{"@type":"SearchAction","target":{"@type":"EntryPoint","urlTemplate":"https:\/\/uel.lu\/en\/?s={search_term_string}"},"query-input":{"@type":"PropertyValueSpecification","valueRequired":true,"valueName":"search_term_string"}}],"inLanguage":"en-US"},{"@type":"Organization","@id":"https:\/\/uel.lu\/en\/#organization","name":"Union des Entreprises Luxembourgeoises","alternateName":"UEL","url":"https:\/\/uel.lu\/en\/","logo":{"@type":"ImageObject","inLanguage":"en-US","@id":"https:\/\/uel.lu\/en\/#\/schema\/logo\/image\/","url":"https:\/\/www.uel.lu\/wp-content\/uploads\/2019\/07\/uel_logo_.png","contentUrl":"https:\/\/www.uel.lu\/wp-content\/uploads\/2019\/07\/uel_logo_.png","width":150,"height":118,"caption":"Union des Entreprises Luxembourgeoises"},"image":{"@id":"https:\/\/uel.lu\/en\/#\/schema\/logo\/image\/"},"sameAs":["https:\/\/x.com\/uel_lu","https:\/\/www.linkedin.com\/company\/union-des-entreprises-luxembourgeoises---uel\/"]}]}},"_links":{"self":[{"href":"https:\/\/uel.lu\/en\/wp-json\/wp\/v2\/article\/22842","targetHints":{"allow":["GET"]}}],"collection":[{"href":"https:\/\/uel.lu\/en\/wp-json\/wp\/v2\/article"}],"about":[{"href":"https:\/\/uel.lu\/en\/wp-json\/wp\/v2\/types\/article"}],"version-history":[{"count":4,"href":"https:\/\/uel.lu\/en\/wp-json\/wp\/v2\/article\/22842\/revisions"}],"predecessor-version":[{"id":23647,"href":"https:\/\/uel.lu\/en\/wp-json\/wp\/v2\/article\/22842\/revisions\/23647"}],"wp:featuredmedia":[{"embeddable":true,"href":"https:\/\/uel.lu\/en\/wp-json\/wp\/v2\/media\/19348"}],"wp:attachment":[{"href":"https:\/\/uel.lu\/en\/wp-json\/wp\/v2\/media?parent=22842"}],"wp:term":[{"taxonomy":"category","embeddable":true,"href":"https:\/\/uel.lu\/en\/wp-json\/wp\/v2\/categories?post=22842"},{"taxonomy":"slidercat","embeddable":true,"href":"https:\/\/uel.lu\/en\/wp-json\/wp\/v2\/slidercat?post=22842"}],"curies":[{"name":"wp","href":"https:\/\/api.w.org\/{rel}","templated":true}]}}