{"id":22843,"date":"2025-06-12T09:58:18","date_gmt":"2025-06-12T07:58:18","guid":{"rendered":"https:\/\/uel.lu\/article\/entretien-du-president-de-luel-avec-paperjam-next\/"},"modified":"2025-07-15T12:22:39","modified_gmt":"2025-07-15T10:22:39","slug":"entretien-du-president-de-luel-avec-paperjam-next","status":"publish","type":"article","link":"https:\/\/uel.lu\/de\/artikel\/entretien-du-president-de-luel-avec-paperjam-next\/","title":{"rendered":"ENTRETIEN DU PR\u00c9SIDENT DE L&#8217;UEL AVEC PAPERJAM"},"content":{"rendered":"[vc_row type=&#8220;in_container&#8220; full_screen_row_position=&#8220;middle&#8220; column_margin=&#8220;default&#8220; column_direction=&#8220;default&#8220; column_direction_tablet=&#8220;default&#8220; column_direction_phone=&#8220;default&#8220; scene_position=&#8220;center&#8220; text_color=&#8220;dark&#8220; text_align=&#8220;left&#8220; row_border_radius=&#8220;none&#8220; row_border_radius_applies=&#8220;bg&#8220; overflow=&#8220;visible&#8220; overlay_strength=&#8220;0.3&#8243; gradient_direction=&#8220;left_to_right&#8220; shape_divider_position=&#8220;bottom&#8220; bg_image_animation=&#8220;none&#8220;][vc_column column_padding=&#8220;no-extra-padding&#8220; column_padding_tablet=&#8220;inherit&#8220; column_padding_phone=&#8220;inherit&#8220; column_padding_position=&#8220;all&#8220; column_element_direction_desktop=&#8220;default&#8220; column_element_spacing=&#8220;default&#8220; desktop_text_alignment=&#8220;default&#8220; tablet_text_alignment=&#8220;default&#8220; phone_text_alignment=&#8220;default&#8220; background_color_opacity=&#8220;1&#8243; background_hover_color_opacity=&#8220;1&#8243; column_backdrop_filter=&#8220;none&#8220; column_shadow=&#8220;none&#8220; column_border_radius=&#8220;none&#8220; column_link_target=&#8220;_self&#8220; column_position=&#8220;default&#8220; gradient_direction=&#8220;left_to_right&#8220; overlay_strength=&#8220;0.3&#8243; width=&#8220;2\/3&#8243; tablet_width_inherit=&#8220;default&#8220; animation_type=&#8220;default&#8220; bg_image_animation=&#8220;none&#8220; border_type=&#8220;simple&#8220; column_border_width=&#8220;none&#8220; column_border_style=&#8220;solid&#8220;][vc_column_text css=&#8220;&#8220; text_direction=&#8220;default&#8220;]\n<h5>Michel Reckinger alerte sur la situation \u00e9conomique du pays, la n\u00e9cessit\u00e9 de vraies r\u00e9formes structurelles et celle de pouvoir dialoguer sur les sujets fondamentaux.<br \/>\nLe vrai danger n&#8217;est pas social mais \u00e9conomique. Et il s&#8217;agit de pr\u00e9server le mod\u00e8le luxembourgeois.<\/h5>\n<h5>Retrouvez son interview compl\u00e8te.<\/h5>\n[\/vc_column_text][nectar_btn size=&#8220;jumbo&#8220; open_new_tab=&#8220;true&#8220; button_style=&#8220;regular&#8220; button_color_2=&#8220;Accent-Color&#8220; icon_family=&#8220;linecons&#8220; text=&#8220;D\u00e9couvrir l&#8217;interview compl\u00e8te&#8220; url=&#8220;https:\/\/paperjam.lu\/article\/michel-reckinger-on-ne-peut-pas-continuer-a-faire-lautruche&#8220; icon_linecons=&#8220;vc_li vc_li-news&#8220;][\/vc_column][vc_column column_padding=&#8220;no-extra-padding&#8220; column_padding_tablet=&#8220;inherit&#8220; column_padding_phone=&#8220;inherit&#8220; column_padding_position=&#8220;all&#8220; column_element_direction_desktop=&#8220;default&#8220; column_element_spacing=&#8220;default&#8220; desktop_text_alignment=&#8220;default&#8220; tablet_text_alignment=&#8220;default&#8220; phone_text_alignment=&#8220;default&#8220; background_color_opacity=&#8220;1&#8243; background_hover_color_opacity=&#8220;1&#8243; column_backdrop_filter=&#8220;none&#8220; column_shadow=&#8220;none&#8220; column_border_radius=&#8220;none&#8220; column_link_target=&#8220;_self&#8220; column_position=&#8220;default&#8220; gradient_direction=&#8220;left_to_right&#8220; overlay_strength=&#8220;0.3&#8243; width=&#8220;1\/3&#8243; tablet_width_inherit=&#8220;default&#8220; animation_type=&#8220;default&#8220; bg_image_animation=&#8220;none&#8220; border_type=&#8220;simple&#8220; column_border_width=&#8220;none&#8220; column_border_style=&#8220;solid&#8220;][image_with_animation image_url=&#8220;19347&#8243; image_size=&#8220;full&#8220; animation_type=&#8220;entrance&#8220; animation=&#8220;None&#8220; animation_movement_type=&#8220;transform_y&#8220; hover_animation=&#8220;none&#8220; alignment=&#8220;&#8220; border_radius=&#8220;none&#8220; box_shadow=&#8220;none&#8220; image_loading=&#8220;default&#8220; max_width=&#8220;75%&#8220; max_width_mobile=&#8220;default&#8220;][\/vc_column][\/vc_row]\n","protected":false},"featured_media":19349,"template":"","meta":{"_acf_changed":false,"inline_featured_image":false,"footnotes":""},"categories":[106],"slidercat":[],"class_list":{"0":"post-22843","1":"article","2":"type-article","3":"status-publish","4":"has-post-thumbnail","6":"category-presse-de"},"acf":[],"yoast_head":"<!-- This site is optimized with the Yoast SEO plugin v26.8 - https:\/\/yoast.com\/product\/yoast-seo-wordpress\/ -->\n<title>ENTRETIEN DU PR\u00c9SIDENT DE L&#039;UEL AVEC PAPERJAM - UEL<\/title>\n<meta name=\"robots\" content=\"index, follow, max-snippet:-1, max-image-preview:large, max-video-preview:-1\" \/>\n<link rel=\"canonical\" href=\"https:\/\/uel.lu\/de\/artikel\/entretien-du-president-de-luel-avec-paperjam-next\/\" \/>\n<meta property=\"og:locale\" content=\"de_DE\" \/>\n<meta property=\"og:type\" content=\"article\" \/>\n<meta property=\"og:title\" content=\"ENTRETIEN DU PR\u00c9SIDENT DE L&#039;UEL AVEC PAPERJAM - UEL\" \/>\n<meta property=\"og:description\" content=\"[vc_row type=&#8220;in_container&#8220; full_screen_row_position=&#8220;middle&#8220; column_margin=&#8220;default&#8220; column_direction=&#8220;default&#8220; column_direction_tablet=&#8220;default&#8220; column_direction_phone=&#8220;default&#8220; scene_position=&#8220;center&#8220; text_color=&#8220;dark&#8220; text_align=&#8220;left&#8220; row_border_radius=&#8220;none&#8220; row_border_radius_applies=&#8220;bg&#8220; overflow=&#8220;visible&#8220; overlay_strength=&#8220;0.3&#8243; gradient_direction=&#8220;left_to_right&#8220; shape_divider_position=&#8220;bottom&#8220; bg_image_animation=&#8220;none&#8220;][vc_column column_padding=&#8220;no-extra-padding&#8220; column_padding_tablet=&#8220;inherit&#8220; column_padding_phone=&#8220;inherit&#8220; column_padding_position=&#8220;all&#8220; column_element_direction_desktop=&#8220;default&#8220; column_element_spacing=&#8220;default&#8220; desktop_text_alignment=&#8220;default&#8220; tablet_text_alignment=&#8220;default&#8220; phone_text_alignment=&#8220;default&#8220; background_color_opacity=&#8220;1&#8243; background_hover_color_opacity=&#8220;1&#8243; column_backdrop_filter=&#8220;none&#8220; column_shadow=&#8220;none&#8220;...\" \/>\n<meta property=\"og:url\" content=\"https:\/\/uel.lu\/de\/artikel\/entretien-du-president-de-luel-avec-paperjam-next\/\" \/>\n<meta property=\"og:site_name\" content=\"UEL\" \/>\n<meta property=\"article:modified_time\" content=\"2025-07-15T10:22:39+00:00\" \/>\n<meta property=\"og:image\" content=\"https:\/\/uel.lu\/wp-content\/uploads\/2024\/04\/michel-reckinger-official-pic.jpg\" \/>\n\t<meta property=\"og:image:width\" content=\"2600\" \/>\n\t<meta property=\"og:image:height\" content=\"1733\" \/>\n\t<meta property=\"og:image:type\" content=\"image\/jpeg\" \/>\n<meta name=\"twitter:card\" content=\"summary_large_image\" \/>\n<meta name=\"twitter:site\" content=\"@uel_lu\" \/>\n<meta name=\"twitter:label1\" content=\"Gesch\u00e4tzte Lesezeit\" \/>\n\t<meta name=\"twitter:data1\" content=\"2\u00a0Minuten\" \/>\n<script type=\"application\/ld+json\" class=\"yoast-schema-graph\">{\"@context\":\"https:\/\/schema.org\",\"@graph\":[{\"@type\":\"WebPage\",\"@id\":\"https:\/\/uel.lu\/de\/artikel\/entretien-du-president-de-luel-avec-paperjam-next\/\",\"url\":\"https:\/\/uel.lu\/de\/artikel\/entretien-du-president-de-luel-avec-paperjam-next\/\",\"name\":\"ENTRETIEN DU PR\u00c9SIDENT DE L'UEL AVEC PAPERJAM - UEL\",\"isPartOf\":{\"@id\":\"https:\/\/uel.lu\/de\/#website\"},\"primaryImageOfPage\":{\"@id\":\"https:\/\/uel.lu\/de\/artikel\/entretien-du-president-de-luel-avec-paperjam-next\/#primaryimage\"},\"image\":{\"@id\":\"https:\/\/uel.lu\/de\/artikel\/entretien-du-president-de-luel-avec-paperjam-next\/#primaryimage\"},\"thumbnailUrl\":\"https:\/\/uel.lu\/wp-content\/uploads\/2024\/04\/michel-reckinger-official-pic.jpg\",\"datePublished\":\"2025-06-12T07:58:18+00:00\",\"dateModified\":\"2025-07-15T10:22:39+00:00\",\"breadcrumb\":{\"@id\":\"https:\/\/uel.lu\/de\/artikel\/entretien-du-president-de-luel-avec-paperjam-next\/#breadcrumb\"},\"inLanguage\":\"de\",\"potentialAction\":[{\"@type\":\"ReadAction\",\"target\":[\"https:\/\/uel.lu\/de\/artikel\/entretien-du-president-de-luel-avec-paperjam-next\/\"]}]},{\"@type\":\"ImageObject\",\"inLanguage\":\"de\",\"@id\":\"https:\/\/uel.lu\/de\/artikel\/entretien-du-president-de-luel-avec-paperjam-next\/#primaryimage\",\"url\":\"https:\/\/uel.lu\/wp-content\/uploads\/2024\/04\/michel-reckinger-official-pic.jpg\",\"contentUrl\":\"https:\/\/uel.lu\/wp-content\/uploads\/2024\/04\/michel-reckinger-official-pic.jpg\",\"width\":2600,\"height\":1733},{\"@type\":\"BreadcrumbList\",\"@id\":\"https:\/\/uel.lu\/de\/artikel\/entretien-du-president-de-luel-avec-paperjam-next\/#breadcrumb\",\"itemListElement\":[{\"@type\":\"ListItem\",\"position\":1,\"name\":\"Startseite\",\"item\":\"https:\/\/uel.lu\/de\/\"},{\"@type\":\"ListItem\",\"position\":2,\"name\":\"ENTRETIEN DU PR\u00c9SIDENT DE L&rsquo;UEL AVEC PAPERJAM\"}]},{\"@type\":\"WebSite\",\"@id\":\"https:\/\/uel.lu\/de\/#website\",\"url\":\"https:\/\/uel.lu\/de\/\",\"name\":\"Union des Entreprises Luxembourgeoises\",\"description\":\"Union des Entreprises Luxembourgeoises\",\"publisher\":{\"@id\":\"https:\/\/uel.lu\/de\/#organization\"},\"alternateName\":\"UEL\",\"potentialAction\":[{\"@type\":\"SearchAction\",\"target\":{\"@type\":\"EntryPoint\",\"urlTemplate\":\"https:\/\/uel.lu\/de\/?s={search_term_string}\"},\"query-input\":{\"@type\":\"PropertyValueSpecification\",\"valueRequired\":true,\"valueName\":\"search_term_string\"}}],\"inLanguage\":\"de\"},{\"@type\":\"Organization\",\"@id\":\"https:\/\/uel.lu\/de\/#organization\",\"name\":\"Union des Entreprises Luxembourgeoises\",\"alternateName\":\"UEL\",\"url\":\"https:\/\/uel.lu\/de\/\",\"logo\":{\"@type\":\"ImageObject\",\"inLanguage\":\"de\",\"@id\":\"https:\/\/uel.lu\/de\/#\/schema\/logo\/image\/\",\"url\":\"https:\/\/www.uel.lu\/wp-content\/uploads\/2019\/07\/uel_logo_.png\",\"contentUrl\":\"https:\/\/www.uel.lu\/wp-content\/uploads\/2019\/07\/uel_logo_.png\",\"width\":150,\"height\":118,\"caption\":\"Union des Entreprises Luxembourgeoises\"},\"image\":{\"@id\":\"https:\/\/uel.lu\/de\/#\/schema\/logo\/image\/\"},\"sameAs\":[\"https:\/\/x.com\/uel_lu\",\"https:\/\/www.linkedin.com\/company\/union-des-entreprises-luxembourgeoises---uel\/\"]}]}<\/script>\n<!-- \/ Yoast SEO plugin. -->","yoast_head_json":{"title":"ENTRETIEN DU PR\u00c9SIDENT DE L'UEL AVEC PAPERJAM - UEL","robots":{"index":"index","follow":"follow","max-snippet":"max-snippet:-1","max-image-preview":"max-image-preview:large","max-video-preview":"max-video-preview:-1"},"canonical":"https:\/\/uel.lu\/de\/artikel\/entretien-du-president-de-luel-avec-paperjam-next\/","og_locale":"de_DE","og_type":"article","og_title":"ENTRETIEN DU PR\u00c9SIDENT DE L'UEL AVEC PAPERJAM - UEL","og_description":"[vc_row type=&#8220;in_container&#8220; full_screen_row_position=&#8220;middle&#8220; column_margin=&#8220;default&#8220; column_direction=&#8220;default&#8220; column_direction_tablet=&#8220;default&#8220; column_direction_phone=&#8220;default&#8220; scene_position=&#8220;center&#8220; text_color=&#8220;dark&#8220; text_align=&#8220;left&#8220; row_border_radius=&#8220;none&#8220; row_border_radius_applies=&#8220;bg&#8220; overflow=&#8220;visible&#8220; overlay_strength=&#8220;0.3&#8243; gradient_direction=&#8220;left_to_right&#8220; shape_divider_position=&#8220;bottom&#8220; bg_image_animation=&#8220;none&#8220;][vc_column column_padding=&#8220;no-extra-padding&#8220; column_padding_tablet=&#8220;inherit&#8220; column_padding_phone=&#8220;inherit&#8220; column_padding_position=&#8220;all&#8220; column_element_direction_desktop=&#8220;default&#8220; column_element_spacing=&#8220;default&#8220; desktop_text_alignment=&#8220;default&#8220; tablet_text_alignment=&#8220;default&#8220; phone_text_alignment=&#8220;default&#8220; background_color_opacity=&#8220;1&#8243; background_hover_color_opacity=&#8220;1&#8243; column_backdrop_filter=&#8220;none&#8220; column_shadow=&#8220;none&#8220;...","og_url":"https:\/\/uel.lu\/de\/artikel\/entretien-du-president-de-luel-avec-paperjam-next\/","og_site_name":"UEL","article_modified_time":"2025-07-15T10:22:39+00:00","og_image":[{"width":2600,"height":1733,"url":"https:\/\/uel.lu\/wp-content\/uploads\/2024\/04\/michel-reckinger-official-pic.jpg","type":"image\/jpeg"}],"twitter_card":"summary_large_image","twitter_site":"@uel_lu","twitter_misc":{"Gesch\u00e4tzte Lesezeit":"2\u00a0Minuten"},"schema":{"@context":"https:\/\/schema.org","@graph":[{"@type":"WebPage","@id":"https:\/\/uel.lu\/de\/artikel\/entretien-du-president-de-luel-avec-paperjam-next\/","url":"https:\/\/uel.lu\/de\/artikel\/entretien-du-president-de-luel-avec-paperjam-next\/","name":"ENTRETIEN DU PR\u00c9SIDENT DE L'UEL AVEC PAPERJAM - UEL","isPartOf":{"@id":"https:\/\/uel.lu\/de\/#website"},"primaryImageOfPage":{"@id":"https:\/\/uel.lu\/de\/artikel\/entretien-du-president-de-luel-avec-paperjam-next\/#primaryimage"},"image":{"@id":"https:\/\/uel.lu\/de\/artikel\/entretien-du-president-de-luel-avec-paperjam-next\/#primaryimage"},"thumbnailUrl":"https:\/\/uel.lu\/wp-content\/uploads\/2024\/04\/michel-reckinger-official-pic.jpg","datePublished":"2025-06-12T07:58:18+00:00","dateModified":"2025-07-15T10:22:39+00:00","breadcrumb":{"@id":"https:\/\/uel.lu\/de\/artikel\/entretien-du-president-de-luel-avec-paperjam-next\/#breadcrumb"},"inLanguage":"de","potentialAction":[{"@type":"ReadAction","target":["https:\/\/uel.lu\/de\/artikel\/entretien-du-president-de-luel-avec-paperjam-next\/"]}]},{"@type":"ImageObject","inLanguage":"de","@id":"https:\/\/uel.lu\/de\/artikel\/entretien-du-president-de-luel-avec-paperjam-next\/#primaryimage","url":"https:\/\/uel.lu\/wp-content\/uploads\/2024\/04\/michel-reckinger-official-pic.jpg","contentUrl":"https:\/\/uel.lu\/wp-content\/uploads\/2024\/04\/michel-reckinger-official-pic.jpg","width":2600,"height":1733},{"@type":"BreadcrumbList","@id":"https:\/\/uel.lu\/de\/artikel\/entretien-du-president-de-luel-avec-paperjam-next\/#breadcrumb","itemListElement":[{"@type":"ListItem","position":1,"name":"Startseite","item":"https:\/\/uel.lu\/de\/"},{"@type":"ListItem","position":2,"name":"ENTRETIEN DU PR\u00c9SIDENT DE L&rsquo;UEL AVEC PAPERJAM"}]},{"@type":"WebSite","@id":"https:\/\/uel.lu\/de\/#website","url":"https:\/\/uel.lu\/de\/","name":"Union des Entreprises Luxembourgeoises","description":"Union des Entreprises Luxembourgeoises","publisher":{"@id":"https:\/\/uel.lu\/de\/#organization"},"alternateName":"UEL","potentialAction":[{"@type":"SearchAction","target":{"@type":"EntryPoint","urlTemplate":"https:\/\/uel.lu\/de\/?s={search_term_string}"},"query-input":{"@type":"PropertyValueSpecification","valueRequired":true,"valueName":"search_term_string"}}],"inLanguage":"de"},{"@type":"Organization","@id":"https:\/\/uel.lu\/de\/#organization","name":"Union des Entreprises Luxembourgeoises","alternateName":"UEL","url":"https:\/\/uel.lu\/de\/","logo":{"@type":"ImageObject","inLanguage":"de","@id":"https:\/\/uel.lu\/de\/#\/schema\/logo\/image\/","url":"https:\/\/www.uel.lu\/wp-content\/uploads\/2019\/07\/uel_logo_.png","contentUrl":"https:\/\/www.uel.lu\/wp-content\/uploads\/2019\/07\/uel_logo_.png","width":150,"height":118,"caption":"Union des Entreprises Luxembourgeoises"},"image":{"@id":"https:\/\/uel.lu\/de\/#\/schema\/logo\/image\/"},"sameAs":["https:\/\/x.com\/uel_lu","https:\/\/www.linkedin.com\/company\/union-des-entreprises-luxembourgeoises---uel\/"]}]}},"_links":{"self":[{"href":"https:\/\/uel.lu\/de\/wp-json\/wp\/v2\/article\/22843","targetHints":{"allow":["GET"]}}],"collection":[{"href":"https:\/\/uel.lu\/de\/wp-json\/wp\/v2\/article"}],"about":[{"href":"https:\/\/uel.lu\/de\/wp-json\/wp\/v2\/types\/article"}],"version-history":[{"count":4,"href":"https:\/\/uel.lu\/de\/wp-json\/wp\/v2\/article\/22843\/revisions"}],"predecessor-version":[{"id":23648,"href":"https:\/\/uel.lu\/de\/wp-json\/wp\/v2\/article\/22843\/revisions\/23648"}],"wp:featuredmedia":[{"embeddable":true,"href":"https:\/\/uel.lu\/de\/wp-json\/wp\/v2\/media\/19349"}],"wp:attachment":[{"href":"https:\/\/uel.lu\/de\/wp-json\/wp\/v2\/media?parent=22843"}],"wp:term":[{"taxonomy":"category","embeddable":true,"href":"https:\/\/uel.lu\/de\/wp-json\/wp\/v2\/categories?post=22843"},{"taxonomy":"slidercat","embeddable":true,"href":"https:\/\/uel.lu\/de\/wp-json\/wp\/v2\/slidercat?post=22843"}],"curies":[{"name":"wp","href":"https:\/\/api.w.org\/{rel}","templated":true}]}}