{"id":11777,"date":"2022-04-28T15:35:38","date_gmt":"2022-04-28T13:35:38","guid":{"rendered":"https:\/\/www.uel.lu\/article\/die-alphonse-weicker-stiftung-und-bgl-bnp-paribas-haben-den-preis-fuer-nachhaltigen-wirtschaftlichen-fortschritt-2021-verliehen\/"},"modified":"2022-05-12T09:15:42","modified_gmt":"2022-05-12T07:15:42","slug":"die-alphonse-weicker-stiftung-und-bgl-bnp-paribas-haben-den-preis-fuer-nachhaltigen-wirtschaftlichen-fortschritt-2021-verliehen","status":"publish","type":"article","link":"https:\/\/uel.lu\/de\/artikel\/die-alphonse-weicker-stiftung-und-bgl-bnp-paribas-haben-den-preis-fuer-nachhaltigen-wirtschaftlichen-fortschritt-2021-verliehen\/","title":{"rendered":"Verleihung des Preises f\u00fcr nachhaltigen wirtschaftlichen Fortschritt 2021"},"content":{"rendered":"[vc_row type=&#8220;in_container&#8220; full_screen_row_position=&#8220;middle&#8220; column_margin=&#8220;default&#8220; column_direction=&#8220;default&#8220; column_direction_tablet=&#8220;default&#8220; column_direction_phone=&#8220;default&#8220; scene_position=&#8220;center&#8220; text_color=&#8220;dark&#8220; text_align=&#8220;left&#8220; row_border_radius=&#8220;none&#8220; row_border_radius_applies=&#8220;bg&#8220; overflow=&#8220;visible&#8220; overlay_strength=&#8220;0.3&#8243; gradient_direction=&#8220;left_to_right&#8220; shape_divider_position=&#8220;bottom&#8220; bg_image_animation=&#8220;none&#8220;][vc_column column_padding=&#8220;no-extra-padding&#8220; column_padding_tablet=&#8220;inherit&#8220; column_padding_phone=&#8220;inherit&#8220; column_padding_position=&#8220;all&#8220; column_element_spacing=&#8220;default&#8220; background_color_opacity=&#8220;1&#8243; background_hover_color_opacity=&#8220;1&#8243; column_shadow=&#8220;none&#8220; column_border_radius=&#8220;none&#8220; column_link_target=&#8220;_self&#8220; column_position=&#8220;default&#8220; gradient_direction=&#8220;left_to_right&#8220; overlay_strength=&#8220;0.3&#8243; width=&#8220;2\/3&#8243; tablet_width_inherit=&#8220;default&#8220; tablet_text_alignment=&#8220;default&#8220; phone_text_alignment=&#8220;default&#8220; animation_type=&#8220;default&#8220; bg_image_animation=&#8220;none&#8220; border_type=&#8220;simple&#8220; column_border_width=&#8220;none&#8220; column_border_style=&#8220;solid&#8220;][vc_column_text]Die Fondation Alphonse Weicker und BGL BNP Paribas haben in Zusammenarbeit mit dem Institut National pour le D\u00e9veloppement durable et la Responsabilit\u00e9 sociale des entreprises (INDR) und der Union des Entreprises Luxembourgeoises (UEL) am Dienstag, den 26. April in den R\u00e4umlichkeiten von BGL BNP Paribas den Preis f\u00fcr nachhaltigen wirtschaftlichen Fortschritt 2021 verliehen.<\/p>\n<p>Mit dem Preis f\u00fcr nachhaltigen wirtschaftlichen Fortschritt wird ein Unternehmen ausgezeichnet, das auf beispielhafte Weise seinen Beitrag zur nachhaltigen Entwicklung durch eine CSR-Strategie unter Ber\u00fccksichtigung der wirtschaftlichen, sozialen und \u00f6kologischen Auswirkungen demonstriert hat. Die Bewertungskriterien umfassen die Wesentlichkeit der CSR-Themen, die Einbeziehung oder Konsultation der Stakeholder, die Schaffung gemeinsamer Werte, Innovation und Austausch.<\/p>\n<p>Mit diesem Preis, der mit 10.000 Euro dotiert ist, tr\u00e4gt die Alphonse-Weicker-Stiftung dazu bei, die CSR-Strategie der Unternehmen zu best\u00e4tigen und zu st\u00e4rken; diese wird im \u00dcbrigen in internationalen Standards wie der ISO-Norm 26000 oder auch der GRI (Global Reporting Initiative) gef\u00f6rdert und im Kapitel \u00fcber die CSR-Strategie des Guide ESR des INDR beschrieben. BGL BNP PARIBAS beteiligt sich an dieser Initiative und verleiht einen Preis in H\u00f6he von 2.500 Euro, der von der Jury festgelegt wird.<\/p>\n<p>F\u00fcr den Preis f\u00fcr nachhaltigen wirtschaftlichen Fortschritt kommen Unternehmen in Frage, die vom INDR mit dem Label ESR &#8211; ENTREPRISE RESPONSABLE ausgezeichnet wurden. Denn diese Unternehmen haben ihr Verst\u00e4ndnis von CSR als Chance formalisiert, ihre Unternehmensf\u00fchrung zu verbessern, ihr soziales Engagement zu st\u00e4rken und ihre Umweltauswirkungen zu begrenzen. Auf diese Weise sichern sie ihren eigenen Fortbestand und erzeugen gleichzeitig positive und nachhaltige Auswirkungen auf die Gesellschaft. Sie haben einen koh\u00e4renten Satz von Kriterien des INDR-Labellisierungsprozesses erfolgreich erf\u00fcllt und eine externe \u00dcberpr\u00fcfung erfolgreich bestanden.<\/p>\n<p>Nach Beratung der Jury \u00fcberreichten Kik Schneider, Pr\u00e4sident der Alphonse-Weicker-Stiftung, und B\u00e9atrice Belorgey, Vorsitzende des Exekutivkomitees von BGL BNP Paribas, L\u00e4nderverantwortliche der BNP Paribas-Gruppe in Luxemburg und Mitglied des Verwaltungsrats der Alphonse-Weicker-Stiftung, den Preis f\u00fcr nachhaltigen wirtschaftlichen Fortschritt :<\/p>\n<h3>BAMOLUX S.\u00e0 r.l., Gewinner des mit 10.000 Euro dotierten Preises der Alphonse-Weicker-Stiftung.<\/h3>\n<p>BAMOLUX wurde 1976 gegr\u00fcndet und ist ein luxemburgisches Unternehmen mit Sitz in Foetz, das sich auf Trockenausbau, Innenschreinerei sowie Malerei und Finishing spezialisiert hat.<\/p>\n<p>BAMOLUX verfolgt einen freiwilligen und strukturierten CSR-Ansatz, der sich an den 17 Zielen f\u00fcr nachhaltige Entwicklung der Vereinten Nationen orientiert. Das Unternehmen hat 25 konkrete Entwicklungsachsen definiert, um sein Wachstumsmodell noch nachhaltiger zu gestalten.<\/p>\n<h3>shime S.\u00e0 r.l, Gewinner des mit 2.500 Euro dotierten Preises von BGL BNP Paribas.<\/h3>\n<p>shime ist ein luxemburgisches Privatunternehmen, das 2017 gegr\u00fcndet wurde. Als CSR-Beratungsunternehmen, das Unternehmen bei der Umsetzung einer CSR-Strategie unterst\u00fctzt, agiert shime auch als Akteur im Bereich Abfallmanagement und insbesondere bei der Sammlung und dem Recycling von Zigarettenstummeln. shime unterst\u00fctzt insbesondere Vereine, Gemeinden und Unternehmen bei der Umsetzung von &#8222;Zero M\u00e9got&#8220;-Projekten. shime ist derzeit der einzige Akteur in Luxemburg, der konkrete und umfassende L\u00f6sungen f\u00fcr den nachhaltigen Umgang mit diesem umweltsch\u00e4dlichen Abfall anbietet.<\/p>\n<h3>Die Jury bestand aus :<\/h3>\n<p>Vertreter der Alphonse-Weicker-Stiftung :<\/p>\n<ul>\n<li>G\u00e9rard Hoffmann, CEO, Telindus<\/li>\n<li>Mathilde Jahan, Head of Transformation Programme, BGL BNP Paribas<\/li>\n<li>Yves Nosbusch, Mitglied des Exekutivausschusses von BGL BNP Paribas, Vorsitzender der Jury<\/li>\n<\/ul>\n<p>&nbsp;<\/p>\n<p>Vertreterin von BGL BNP Paribas :<\/p>\n<ul>\n<li>Catherine Wurth, CSR-Verantwortliche, BGL BNP Paribas<\/li>\n<\/ul>\n<p>&nbsp;<\/p>\n<p>Vertreter der UEL und des INDR :<\/p>\n<ul>\n<li>Jean-Paul Olinger, Direktor der UEL und des INDR<\/li>\n<li>Anne-Marie Loesch, Head of Business Development &amp; CSR, Handelskammer<\/li>\n<li>Elke Hartmann, Abteilungsleiterin, Wirtschaftsattach\u00e9, Chambre des M\u00e9tiers Luxemburg<\/li>\n<\/ul>\n[\/vc_column_text][divider line_type=&#8220;No Line&#8220;][nectar_btn size=&#8220;jumbo&#8220; open_new_tab=&#8220;true&#8220; button_style=&#8220;regular&#8220; button_color_2=&#8220;Accent-Color&#8220; icon_family=&#8220;fontawesome&#8220; url=&#8220;https:\/\/www.uel.lu\/wp-content\/uploads\/2022\/04\/cp-prix-du-progres-economique-durable-2021.pdf&#8220; text=&#8220;Pressemitteilung (PDF auf Franz\u00f6sisch) \u00ab La Fondation Alphonse Weicker et BGL BNP Paribas remettent le Prix du progr\u00e8s \u00e9conomique durable 2021 \u00bb&#8220; icon_fontawesome=&#8220;fa fa-file&#8220;][divider line_type=&#8220;No Line&#8220;][divider line_type=&#8220;Full Width Line&#8220; line_thickness=&#8220;1&#8243; divider_color=&#8220;default&#8220;][vc_column_text]\n<h3>\u00dcber die Alphonse Weicker Stiftung<\/h3>\n<h6>Die 1989 gegr\u00fcndete und von Kik Schneider geleitete Alphonse-Weicker-Stiftung hat sich zum Ziel gesetzt, das Studium und die Forschung im Bereich der Wissenschaften zu f\u00f6rdern. Sie entwickelt ihre Aktivit\u00e4ten im Gro\u00dfherzogtum Luxemburg durch die Organisation von Fachkonferenzen und Seminaren und die Unterst\u00fctzung von Forschungsprojekten in so unterschiedlichen Bereichen wie biomolekulare Forschung, Gesundheit, Informatik, nachhaltige Entwicklung, Politik, soziales Leben und Kunstgeschichte. BGL BNP Paribas hat sich mit der Alphonse-Weicker-Stiftung die Mittel an die Hand gegeben, um die wichtige Rolle, die die Bank seit 1919 bei der wirtschaftlichen und sozialen Entwicklung Luxemburgs gespielt hat, auch weiterhin aus\u00fcben zu k\u00f6nnen.<\/h6>\n<h3>\u00dcber BGL BNP Paribas<\/h3>\n<h6>BGL BNP Paribas (www.bgl.lu) ist eine der gr\u00f6\u00dften Banken des Gro\u00dfherzogtums Luxemburg und geh\u00f6rt zur BNP Paribas-Gruppe. Sie bietet ihren Privat-, Gesch\u00e4fts-, Firmen- und Private-Banking-Kunden eine besonders breite Palette an Finanzprodukten und Allfinanzl\u00f6sungen an. Ende 2021 besch\u00e4ftigte BGL BNP Paribas in Luxemburg 2.140 Mitarbeiter.<br \/>\nIm Jahr 2021 wurde BGL BNP Paribas zum sechsten Mal in Folge von Euromoney als &#8222;Best Bank in Luxembourg&#8220; ausgezeichnet.<\/h6>\n<h3>\u00dcber die UEL<\/h3>\n<h6>Die Union des Entreprises Luxembourgeoises (UEL) vertritt \u00fcber die Berufskammern und Unternehmensverb\u00e4nde im Gro\u00dfherzogtum Luxemburg die Arbeitgeber des Privatsektors mit Ausnahme des Prim\u00e4rsektors. Da ihre Mitglieder 80 % der Arbeitspl\u00e4tze sichern und 85 % des BIP produzieren, m\u00f6chte die UEL das Unternehmen und seine Herausforderungen in den Mittelpunkt der luxemburgischen Gesellschaft stellen. Die UEL setzt sich f\u00fcr eine nachhaltige und florierende Wirtschaft f\u00fcr das Land, seine Einwohner und die Menschen, die dort arbeiten, ein. Sie engagiert sich f\u00fcr eine Wirtschaft, die f\u00fcr Investoren und Talente attraktiv ist. Weitere Informationen unter www.uel.lu<\/h6>\n<h3>\u00dcber das INDR<\/h3>\n<h6>Das Institut National pour le D\u00e9veloppement durable et la Responsabilit\u00e9 sociale des entreprises (INDR) wurde 2007 auf Initiative der Union des Entreprises Luxembourgeoises (UEL) gegr\u00fcndet. Das Institut hat es sich zur Aufgabe gemacht, luxemburgische Unternehmen bei der Einf\u00fchrung von CSR anzuleiten, damit sie zur nachhaltigen Entwicklung beitragen und ihre Wettbewerbsf\u00e4higkeit und ihr Image verbessern k\u00f6nnen. Basierend auf den Werten Verantwortung, Transparenz, Proaktivit\u00e4t, Effizienz, kontinuierliche Verbesserung und Teilen hat das INDR die Vision, dass Unternehmen in Luxemburg verantwortungsvolles Verhalten zeigen, indem sie nachhaltige Entwicklung in ihre Strategie einbeziehen. Das INDR bietet ein umfassendes Begleitprogramm ESR &#8211; ENTREPRISE RESPONSABLE an. Alle Informationen finden Sie auf www.esr.lu und auf www.indr.lu<\/h6>\n[\/vc_column_text][\/vc_column][vc_column column_padding=&#8220;no-extra-padding&#8220; column_padding_tablet=&#8220;inherit&#8220; column_padding_phone=&#8220;inherit&#8220; column_padding_position=&#8220;all&#8220; column_element_spacing=&#8220;default&#8220; background_color_opacity=&#8220;1&#8243; background_hover_color_opacity=&#8220;1&#8243; column_shadow=&#8220;none&#8220; column_border_radius=&#8220;none&#8220; column_link_target=&#8220;_self&#8220; column_position=&#8220;default&#8220; gradient_direction=&#8220;left_to_right&#8220; overlay_strength=&#8220;0.3&#8243; width=&#8220;1\/3&#8243; tablet_width_inherit=&#8220;default&#8220; tablet_text_alignment=&#8220;default&#8220; phone_text_alignment=&#8220;default&#8220; animation_type=&#8220;default&#8220; bg_image_animation=&#8220;none&#8220; border_type=&#8220;simple&#8220; column_border_width=&#8220;none&#8220; column_border_style=&#8220;solid&#8220;][image_with_animation image_url=&#8220;11750&#8243; image_size=&#8220;full&#8220; animation_type=&#8220;entrance&#8220; animation=&#8220;Fade In&#8220; hover_animation=&#8220;none&#8220; alignment=&#8220;&#8220; img_link_large=&#8220;yes&#8220; border_radius=&#8220;none&#8220; box_shadow=&#8220;none&#8220; image_loading=&#8220;default&#8220; max_width=&#8220;100%&#8220; max_width_mobile=&#8220;default&#8220;][vc_column_text]Von links nach rechts:<\/p>\n<ul style=\"font-weight: 400;\">\n<li>Catherine Wurth, Responsable RSE, BGL BNP Paribas<\/li>\n<li>Norman Fisch, Secr\u00e9taire g\u00e9n\u00e9ral, INDR<\/li>\n<li>Marc Lauer, Pr\u00e9sident, INDR<\/li>\n<li>Geoffrey Debertry, Attach\u00e9 de Direction, Bamolux<\/li>\n<li>Kik Schneider, Pr\u00e9sident, Fondation Alphonse Weicker<\/li>\n<li>Elom Baniba, consultant RSE et D\u00e9veloppement durable, shime<\/li>\n<li>St\u00e9phane Borzellino, Associ\u00e9 g\u00e9rant, shime<\/li>\n<li>B\u00e9atrice Belorgey, Pr\u00e9sidente du Comit\u00e9 ex\u00e9cutif de BGL BNP Paribas, Responsable Pays du Groupe BNP Paribas au Luxembourg et Membre du Conseil d\u2019administration de la Fondation Alphonse Weicker<\/li>\n<li>Simon Hatuna, Consultant RSE et Responsable du projet \u00ab Z\u00e9ro M\u00e9got \u00bb, shime<\/li>\n<li>St\u00e9phane Herard, Associ\u00e9 g\u00e9rant, shime<\/li>\n<\/ul>\n[\/vc_column_text][\/vc_column][\/vc_row]\n","protected":false},"featured_media":11752,"template":"","meta":{"_acf_changed":false,"inline_featured_image":false,"footnotes":""},"categories":[16],"slidercat":[59],"class_list":{"0":"post-11777","1":"article","2":"type-article","3":"status-publish","4":"has-post-thumbnail","6":"category-uel-themen","7":"slidercat-featured-post-de"},"acf":[],"yoast_head":"<!-- This site is optimized with the Yoast SEO plugin v26.8 - https:\/\/yoast.com\/product\/yoast-seo-wordpress\/ -->\n<title>Verleihung des Preises f\u00fcr nachhaltigen wirtschaftlichen Fortschritt 2021 - UEL<\/title>\n<meta name=\"robots\" content=\"index, follow, max-snippet:-1, max-image-preview:large, max-video-preview:-1\" \/>\n<link rel=\"canonical\" href=\"https:\/\/uel.lu\/de\/artikel\/die-alphonse-weicker-stiftung-und-bgl-bnp-paribas-haben-den-preis-fuer-nachhaltigen-wirtschaftlichen-fortschritt-2021-verliehen\/\" \/>\n<meta property=\"og:locale\" content=\"de_DE\" \/>\n<meta property=\"og:type\" content=\"article\" \/>\n<meta property=\"og:title\" content=\"Verleihung des Preises f\u00fcr nachhaltigen wirtschaftlichen Fortschritt 2021 - UEL\" \/>\n<meta property=\"og:description\" content=\"[vc_row type=&#8220;in_container&#8220; full_screen_row_position=&#8220;middle&#8220; column_margin=&#8220;default&#8220; column_direction=&#8220;default&#8220; column_direction_tablet=&#8220;default&#8220; column_direction_phone=&#8220;default&#8220; scene_position=&#8220;center&#8220; text_color=&#8220;dark&#8220; text_align=&#8220;left&#8220; row_border_radius=&#8220;none&#8220; row_border_radius_applies=&#8220;bg&#8220; overflow=&#8220;visible&#8220; overlay_strength=&#8220;0.3&#8243; gradient_direction=&#8220;left_to_right&#8220; shape_divider_position=&#8220;bottom&#8220; bg_image_animation=&#8220;none&#8220;][vc_column column_padding=&#8220;no-extra-padding&#8220; column_padding_tablet=&#8220;inherit&#8220; column_padding_phone=&#8220;inherit&#8220; column_padding_position=&#8220;all&#8220; column_element_spacing=&#8220;default&#8220; background_color_opacity=&#8220;1&#8243; background_hover_color_opacity=&#8220;1&#8243; column_shadow=&#8220;none&#8220; column_border_radius=&#8220;none&#8220; column_link_target=&#8220;_self&#8220; column_position=&#8220;default&#8220; gradient_direction=&#8220;left_to_right&#8220; overlay_strength=&#8220;0.3&#8243;...\" \/>\n<meta property=\"og:url\" content=\"https:\/\/uel.lu\/de\/artikel\/die-alphonse-weicker-stiftung-und-bgl-bnp-paribas-haben-den-preis-fuer-nachhaltigen-wirtschaftlichen-fortschritt-2021-verliehen\/\" \/>\n<meta property=\"og:site_name\" content=\"UEL\" \/>\n<meta property=\"article:modified_time\" content=\"2022-05-12T07:15:42+00:00\" \/>\n<meta property=\"og:image\" content=\"https:\/\/uel.lu\/wp-content\/uploads\/2022\/04\/photo-officielle-prix.jpg\" \/>\n\t<meta property=\"og:image:width\" content=\"2600\" \/>\n\t<meta property=\"og:image:height\" content=\"1733\" \/>\n\t<meta property=\"og:image:type\" content=\"image\/jpeg\" \/>\n<meta name=\"twitter:card\" content=\"summary_large_image\" \/>\n<meta name=\"twitter:site\" content=\"@uel_lu\" \/>\n<meta name=\"twitter:label1\" content=\"Gesch\u00e4tzte Lesezeit\" \/>\n\t<meta name=\"twitter:data1\" content=\"7\u00a0Minuten\" \/>\n<script type=\"application\/ld+json\" class=\"yoast-schema-graph\">{\"@context\":\"https:\/\/schema.org\",\"@graph\":[{\"@type\":\"WebPage\",\"@id\":\"https:\/\/uel.lu\/de\/artikel\/die-alphonse-weicker-stiftung-und-bgl-bnp-paribas-haben-den-preis-fuer-nachhaltigen-wirtschaftlichen-fortschritt-2021-verliehen\/\",\"url\":\"https:\/\/uel.lu\/de\/artikel\/die-alphonse-weicker-stiftung-und-bgl-bnp-paribas-haben-den-preis-fuer-nachhaltigen-wirtschaftlichen-fortschritt-2021-verliehen\/\",\"name\":\"Verleihung des Preises f\u00fcr nachhaltigen wirtschaftlichen Fortschritt 2021 - UEL\",\"isPartOf\":{\"@id\":\"https:\/\/uel.lu\/de\/#website\"},\"primaryImageOfPage\":{\"@id\":\"https:\/\/uel.lu\/de\/artikel\/die-alphonse-weicker-stiftung-und-bgl-bnp-paribas-haben-den-preis-fuer-nachhaltigen-wirtschaftlichen-fortschritt-2021-verliehen\/#primaryimage\"},\"image\":{\"@id\":\"https:\/\/uel.lu\/de\/artikel\/die-alphonse-weicker-stiftung-und-bgl-bnp-paribas-haben-den-preis-fuer-nachhaltigen-wirtschaftlichen-fortschritt-2021-verliehen\/#primaryimage\"},\"thumbnailUrl\":\"https:\/\/uel.lu\/wp-content\/uploads\/2022\/04\/photo-officielle-prix.jpg\",\"datePublished\":\"2022-04-28T13:35:38+00:00\",\"dateModified\":\"2022-05-12T07:15:42+00:00\",\"breadcrumb\":{\"@id\":\"https:\/\/uel.lu\/de\/artikel\/die-alphonse-weicker-stiftung-und-bgl-bnp-paribas-haben-den-preis-fuer-nachhaltigen-wirtschaftlichen-fortschritt-2021-verliehen\/#breadcrumb\"},\"inLanguage\":\"de\",\"potentialAction\":[{\"@type\":\"ReadAction\",\"target\":[\"https:\/\/uel.lu\/de\/artikel\/die-alphonse-weicker-stiftung-und-bgl-bnp-paribas-haben-den-preis-fuer-nachhaltigen-wirtschaftlichen-fortschritt-2021-verliehen\/\"]}]},{\"@type\":\"ImageObject\",\"inLanguage\":\"de\",\"@id\":\"https:\/\/uel.lu\/de\/artikel\/die-alphonse-weicker-stiftung-und-bgl-bnp-paribas-haben-den-preis-fuer-nachhaltigen-wirtschaftlichen-fortschritt-2021-verliehen\/#primaryimage\",\"url\":\"https:\/\/uel.lu\/wp-content\/uploads\/2022\/04\/photo-officielle-prix.jpg\",\"contentUrl\":\"https:\/\/uel.lu\/wp-content\/uploads\/2022\/04\/photo-officielle-prix.jpg\",\"width\":2600,\"height\":1733},{\"@type\":\"BreadcrumbList\",\"@id\":\"https:\/\/uel.lu\/de\/artikel\/die-alphonse-weicker-stiftung-und-bgl-bnp-paribas-haben-den-preis-fuer-nachhaltigen-wirtschaftlichen-fortschritt-2021-verliehen\/#breadcrumb\",\"itemListElement\":[{\"@type\":\"ListItem\",\"position\":1,\"name\":\"Startseite\",\"item\":\"https:\/\/uel.lu\/de\/\"},{\"@type\":\"ListItem\",\"position\":2,\"name\":\"Verleihung des Preises f\u00fcr nachhaltigen wirtschaftlichen Fortschritt 2021\"}]},{\"@type\":\"WebSite\",\"@id\":\"https:\/\/uel.lu\/de\/#website\",\"url\":\"https:\/\/uel.lu\/de\/\",\"name\":\"Union des Entreprises Luxembourgeoises\",\"description\":\"Union des Entreprises Luxembourgeoises\",\"publisher\":{\"@id\":\"https:\/\/uel.lu\/de\/#organization\"},\"alternateName\":\"UEL\",\"potentialAction\":[{\"@type\":\"SearchAction\",\"target\":{\"@type\":\"EntryPoint\",\"urlTemplate\":\"https:\/\/uel.lu\/de\/?s={search_term_string}\"},\"query-input\":{\"@type\":\"PropertyValueSpecification\",\"valueRequired\":true,\"valueName\":\"search_term_string\"}}],\"inLanguage\":\"de\"},{\"@type\":\"Organization\",\"@id\":\"https:\/\/uel.lu\/de\/#organization\",\"name\":\"Union des Entreprises Luxembourgeoises\",\"alternateName\":\"UEL\",\"url\":\"https:\/\/uel.lu\/de\/\",\"logo\":{\"@type\":\"ImageObject\",\"inLanguage\":\"de\",\"@id\":\"https:\/\/uel.lu\/de\/#\/schema\/logo\/image\/\",\"url\":\"https:\/\/www.uel.lu\/wp-content\/uploads\/2019\/07\/uel_logo_.png\",\"contentUrl\":\"https:\/\/www.uel.lu\/wp-content\/uploads\/2019\/07\/uel_logo_.png\",\"width\":150,\"height\":118,\"caption\":\"Union des Entreprises Luxembourgeoises\"},\"image\":{\"@id\":\"https:\/\/uel.lu\/de\/#\/schema\/logo\/image\/\"},\"sameAs\":[\"https:\/\/x.com\/uel_lu\",\"https:\/\/www.linkedin.com\/company\/union-des-entreprises-luxembourgeoises---uel\/\"]}]}<\/script>\n<!-- \/ Yoast SEO plugin. -->","yoast_head_json":{"title":"Verleihung des Preises f\u00fcr nachhaltigen wirtschaftlichen Fortschritt 2021 - UEL","robots":{"index":"index","follow":"follow","max-snippet":"max-snippet:-1","max-image-preview":"max-image-preview:large","max-video-preview":"max-video-preview:-1"},"canonical":"https:\/\/uel.lu\/de\/artikel\/die-alphonse-weicker-stiftung-und-bgl-bnp-paribas-haben-den-preis-fuer-nachhaltigen-wirtschaftlichen-fortschritt-2021-verliehen\/","og_locale":"de_DE","og_type":"article","og_title":"Verleihung des Preises f\u00fcr nachhaltigen wirtschaftlichen Fortschritt 2021 - UEL","og_description":"[vc_row type=&#8220;in_container&#8220; full_screen_row_position=&#8220;middle&#8220; column_margin=&#8220;default&#8220; column_direction=&#8220;default&#8220; column_direction_tablet=&#8220;default&#8220; column_direction_phone=&#8220;default&#8220; scene_position=&#8220;center&#8220; text_color=&#8220;dark&#8220; text_align=&#8220;left&#8220; row_border_radius=&#8220;none&#8220; row_border_radius_applies=&#8220;bg&#8220; overflow=&#8220;visible&#8220; overlay_strength=&#8220;0.3&#8243; gradient_direction=&#8220;left_to_right&#8220; shape_divider_position=&#8220;bottom&#8220; bg_image_animation=&#8220;none&#8220;][vc_column column_padding=&#8220;no-extra-padding&#8220; column_padding_tablet=&#8220;inherit&#8220; column_padding_phone=&#8220;inherit&#8220; column_padding_position=&#8220;all&#8220; column_element_spacing=&#8220;default&#8220; background_color_opacity=&#8220;1&#8243; background_hover_color_opacity=&#8220;1&#8243; column_shadow=&#8220;none&#8220; column_border_radius=&#8220;none&#8220; column_link_target=&#8220;_self&#8220; column_position=&#8220;default&#8220; gradient_direction=&#8220;left_to_right&#8220; overlay_strength=&#8220;0.3&#8243;...","og_url":"https:\/\/uel.lu\/de\/artikel\/die-alphonse-weicker-stiftung-und-bgl-bnp-paribas-haben-den-preis-fuer-nachhaltigen-wirtschaftlichen-fortschritt-2021-verliehen\/","og_site_name":"UEL","article_modified_time":"2022-05-12T07:15:42+00:00","og_image":[{"width":2600,"height":1733,"url":"https:\/\/uel.lu\/wp-content\/uploads\/2022\/04\/photo-officielle-prix.jpg","type":"image\/jpeg"}],"twitter_card":"summary_large_image","twitter_site":"@uel_lu","twitter_misc":{"Gesch\u00e4tzte Lesezeit":"7\u00a0Minuten"},"schema":{"@context":"https:\/\/schema.org","@graph":[{"@type":"WebPage","@id":"https:\/\/uel.lu\/de\/artikel\/die-alphonse-weicker-stiftung-und-bgl-bnp-paribas-haben-den-preis-fuer-nachhaltigen-wirtschaftlichen-fortschritt-2021-verliehen\/","url":"https:\/\/uel.lu\/de\/artikel\/die-alphonse-weicker-stiftung-und-bgl-bnp-paribas-haben-den-preis-fuer-nachhaltigen-wirtschaftlichen-fortschritt-2021-verliehen\/","name":"Verleihung des Preises f\u00fcr nachhaltigen wirtschaftlichen Fortschritt 2021 - UEL","isPartOf":{"@id":"https:\/\/uel.lu\/de\/#website"},"primaryImageOfPage":{"@id":"https:\/\/uel.lu\/de\/artikel\/die-alphonse-weicker-stiftung-und-bgl-bnp-paribas-haben-den-preis-fuer-nachhaltigen-wirtschaftlichen-fortschritt-2021-verliehen\/#primaryimage"},"image":{"@id":"https:\/\/uel.lu\/de\/artikel\/die-alphonse-weicker-stiftung-und-bgl-bnp-paribas-haben-den-preis-fuer-nachhaltigen-wirtschaftlichen-fortschritt-2021-verliehen\/#primaryimage"},"thumbnailUrl":"https:\/\/uel.lu\/wp-content\/uploads\/2022\/04\/photo-officielle-prix.jpg","datePublished":"2022-04-28T13:35:38+00:00","dateModified":"2022-05-12T07:15:42+00:00","breadcrumb":{"@id":"https:\/\/uel.lu\/de\/artikel\/die-alphonse-weicker-stiftung-und-bgl-bnp-paribas-haben-den-preis-fuer-nachhaltigen-wirtschaftlichen-fortschritt-2021-verliehen\/#breadcrumb"},"inLanguage":"de","potentialAction":[{"@type":"ReadAction","target":["https:\/\/uel.lu\/de\/artikel\/die-alphonse-weicker-stiftung-und-bgl-bnp-paribas-haben-den-preis-fuer-nachhaltigen-wirtschaftlichen-fortschritt-2021-verliehen\/"]}]},{"@type":"ImageObject","inLanguage":"de","@id":"https:\/\/uel.lu\/de\/artikel\/die-alphonse-weicker-stiftung-und-bgl-bnp-paribas-haben-den-preis-fuer-nachhaltigen-wirtschaftlichen-fortschritt-2021-verliehen\/#primaryimage","url":"https:\/\/uel.lu\/wp-content\/uploads\/2022\/04\/photo-officielle-prix.jpg","contentUrl":"https:\/\/uel.lu\/wp-content\/uploads\/2022\/04\/photo-officielle-prix.jpg","width":2600,"height":1733},{"@type":"BreadcrumbList","@id":"https:\/\/uel.lu\/de\/artikel\/die-alphonse-weicker-stiftung-und-bgl-bnp-paribas-haben-den-preis-fuer-nachhaltigen-wirtschaftlichen-fortschritt-2021-verliehen\/#breadcrumb","itemListElement":[{"@type":"ListItem","position":1,"name":"Startseite","item":"https:\/\/uel.lu\/de\/"},{"@type":"ListItem","position":2,"name":"Verleihung des Preises f\u00fcr nachhaltigen wirtschaftlichen Fortschritt 2021"}]},{"@type":"WebSite","@id":"https:\/\/uel.lu\/de\/#website","url":"https:\/\/uel.lu\/de\/","name":"Union des Entreprises Luxembourgeoises","description":"Union des Entreprises Luxembourgeoises","publisher":{"@id":"https:\/\/uel.lu\/de\/#organization"},"alternateName":"UEL","potentialAction":[{"@type":"SearchAction","target":{"@type":"EntryPoint","urlTemplate":"https:\/\/uel.lu\/de\/?s={search_term_string}"},"query-input":{"@type":"PropertyValueSpecification","valueRequired":true,"valueName":"search_term_string"}}],"inLanguage":"de"},{"@type":"Organization","@id":"https:\/\/uel.lu\/de\/#organization","name":"Union des Entreprises Luxembourgeoises","alternateName":"UEL","url":"https:\/\/uel.lu\/de\/","logo":{"@type":"ImageObject","inLanguage":"de","@id":"https:\/\/uel.lu\/de\/#\/schema\/logo\/image\/","url":"https:\/\/www.uel.lu\/wp-content\/uploads\/2019\/07\/uel_logo_.png","contentUrl":"https:\/\/www.uel.lu\/wp-content\/uploads\/2019\/07\/uel_logo_.png","width":150,"height":118,"caption":"Union des Entreprises Luxembourgeoises"},"image":{"@id":"https:\/\/uel.lu\/de\/#\/schema\/logo\/image\/"},"sameAs":["https:\/\/x.com\/uel_lu","https:\/\/www.linkedin.com\/company\/union-des-entreprises-luxembourgeoises---uel\/"]}]}},"_links":{"self":[{"href":"https:\/\/uel.lu\/de\/wp-json\/wp\/v2\/article\/11777","targetHints":{"allow":["GET"]}}],"collection":[{"href":"https:\/\/uel.lu\/de\/wp-json\/wp\/v2\/article"}],"about":[{"href":"https:\/\/uel.lu\/de\/wp-json\/wp\/v2\/types\/article"}],"version-history":[{"count":8,"href":"https:\/\/uel.lu\/de\/wp-json\/wp\/v2\/article\/11777\/revisions"}],"predecessor-version":[{"id":12270,"href":"https:\/\/uel.lu\/de\/wp-json\/wp\/v2\/article\/11777\/revisions\/12270"}],"wp:featuredmedia":[{"embeddable":true,"href":"https:\/\/uel.lu\/de\/wp-json\/wp\/v2\/media\/11752"}],"wp:attachment":[{"href":"https:\/\/uel.lu\/de\/wp-json\/wp\/v2\/media?parent=11777"}],"wp:term":[{"taxonomy":"category","embeddable":true,"href":"https:\/\/uel.lu\/de\/wp-json\/wp\/v2\/categories?post=11777"},{"taxonomy":"slidercat","embeddable":true,"href":"https:\/\/uel.lu\/de\/wp-json\/wp\/v2\/slidercat?post=11777"}],"curies":[{"name":"wp","href":"https:\/\/api.w.org\/{rel}","templated":true}]}}